{"id":1061,"date":"2024-07-04T17:26:16","date_gmt":"2024-07-04T15:26:16","guid":{"rendered":"http:\/\/www.snsitiv.com\/?p=1061"},"modified":"2025-05-03T14:02:19","modified_gmt":"2025-05-03T12:02:19","slug":"snsonik-2-0-au-fusion-festival-de","status":"publish","type":"post","link":"https:\/\/www.snsitiv.com\/index.php\/2024\/07\/04\/snsonik-2-0-au-fusion-festival-de\/","title":{"rendered":"SNSoNIK 2.0 au FUSION FESTIVAL [DE] 2024"},"content":{"rendered":"\t\t<div data-elementor-type=\"wp-post\" data-elementor-id=\"1061\" class=\"elementor elementor-1061\">\n\t\t\t\t\t\t\t\t\t<section class=\"elementor-section elementor-top-section elementor-element elementor-element-53560de elementor-section-boxed elementor-section-height-default elementor-section-height-default\" data-id=\"53560de\" data-element_type=\"section\">\n\t\t\t\t\t\t<div class=\"elementor-container elementor-column-gap-default\">\n\t\t\t\t\t<div class=\"elementor-column elementor-col-100 elementor-top-column elementor-element elementor-element-0b3cac2\" data-id=\"0b3cac2\" data-element_type=\"column\">\n\t\t\t<div class=\"elementor-widget-wrap elementor-element-populated\">\n\t\t\t\t\t\t\t\t<div class=\"elementor-element elementor-element-aac16c5 elementor-widget elementor-widget-text-editor\" data-id=\"aac16c5\" data-element_type=\"widget\" data-widget_type=\"text-editor.default\">\n\t\t\t\t<div class=\"elementor-widget-container\">\n\t\t\t<style>\/*! elementor - v3.6.5 - 27-04-2022 *\/\n.elementor-widget-text-editor.elementor-drop-cap-view-stacked .elementor-drop-cap{background-color:#818a91;color:#fff}.elementor-widget-text-editor.elementor-drop-cap-view-framed .elementor-drop-cap{color:#818a91;border:3px solid;background-color:transparent}.elementor-widget-text-editor:not(.elementor-drop-cap-view-default) .elementor-drop-cap{margin-top:8px}.elementor-widget-text-editor:not(.elementor-drop-cap-view-default) .elementor-drop-cap-letter{width:1em;height:1em}.elementor-widget-text-editor .elementor-drop-cap{float:left;text-align:center;line-height:1;font-size:50px}.elementor-widget-text-editor .elementor-drop-cap-letter{display:inline-block}<\/style>\t\t\t\t<p>En juin 2024, la team SNSITIV a termin\u00e9 le d\u00e9veloppement de sa nouvelle installation interactive SNSoNIK 2.0.<\/p><p>Une nouvelle collaboration avec PATRICE \u00ab\u00a0Pit\u00a0\u00bb HUBERT, cette deuxi\u00e8me oeuvre a \u00e9t\u00e9 d\u00e9velopp\u00e9e dans le but de cr\u00e9er une exp\u00e9rience immersive unique. Le visiteur est invit\u00e9 \u00e0 venir jouer avec la structure en d\u00e9pla\u00e7ant ses mains sur des zones sensibles, g\u00e9n\u00e9rant ainsi un univers sonore spatialis\u00e9 et une interaction lumineuse interactive. Une installation kin\u00e9tique, o\u00f9 ses bras articul\u00e9s s&rsquo;animent selon la musique g\u00e9n\u00e9r\u00e9e par les visiteurs.&nbsp;<\/p><p>PATRICE \u00ab\u00a0Pit\u00a0\u00bb HUBERT est un sculpteur, inventeur autodidactes et visionnaires, qui fa\u00e7onne des structures o\u00f9 l\u2019acier&nbsp;palpite et les courbes se font dards.Dans un jeu mobile et respiratoire, entre ombre et lumi\u00e8re, acier, textile ou verre, il t\u00e9lescope l\u2019inerte et l\u2019organique, perfuse la cin\u00e9tique au sein m\u00eame du m\u00e9tal.<\/p><p>Pour sa premi\u00e8re, SNSoNIK 2.0 a \u00e9t\u00e9 expos\u00e9e au fameux FUSION FESTIVAL, en Allemagne. Un tr\u00e8s beau crash test r\u00e9ussi haut la main, avec de fortes chaleurs, des pluies orageuses et 100.000 festivaliers !<\/p><p style=\"margin-bottom: 10px;\"><a href=\"http:\/\/www.1661235.com\/\">&gt; Infos PATRICE \u00ab\u00a0Pit\u00a0\u00bb HUBERT<\/a><\/p>\t\t\t\t\t\t<\/div>\n\t\t\t\t<\/div>\n\t\t\t\t\t<\/div>\n\t\t<\/div>\n\t\t\t\t\t\t\t<\/div>\n\t\t<\/section>\n\t\t\t\t<section class=\"elementor-section elementor-top-section elementor-element elementor-element-5f2b2da elementor-section-boxed elementor-section-height-default elementor-section-height-default\" data-id=\"5f2b2da\" data-element_type=\"section\">\n\t\t\t\t\t\t<div class=\"elementor-container elementor-column-gap-default\">\n\t\t\t\t\t<div class=\"elementor-column elementor-col-100 elementor-top-column elementor-element elementor-element-ea53849\" data-id=\"ea53849\" data-element_type=\"column\">\n\t\t\t<div class=\"elementor-widget-wrap elementor-element-populated\">\n\t\t\t\t\t\t\t\t<div class=\"elementor-element elementor-element-23ef4dc elementor-aspect-ratio-169 elementor-widget elementor-widget-video\" data-id=\"23ef4dc\" data-element_type=\"widget\" data-settings=\"{&quot;youtube_url&quot;:&quot;https:\\\/\\\/youtu.be\\\/LRd2LaakC_k&quot;,&quot;video_type&quot;:&quot;youtube&quot;,&quot;controls&quot;:&quot;yes&quot;,&quot;aspect_ratio&quot;:&quot;169&quot;}\" data-widget_type=\"video.default\">\n\t\t\t\t<div class=\"elementor-widget-container\">\n\t\t\t<style>\/*! elementor - v3.6.5 - 27-04-2022 *\/\n.elementor-widget-video .elementor-widget-container{overflow:hidden;-webkit-transform:translateZ(0);transform:translateZ(0)}.elementor-widget-video .elementor-open-inline .elementor-custom-embed-image-overlay{position:absolute;top:0;left:0;width:100%;height:100%;background-size:cover;background-position:50%}.elementor-widget-video .elementor-custom-embed-image-overlay{cursor:pointer;text-align:center}.elementor-widget-video .elementor-custom-embed-image-overlay:hover .elementor-custom-embed-play i{opacity:1}.elementor-widget-video .elementor-custom-embed-image-overlay img{display:block;width:100%}.elementor-widget-video .e-hosted-video .elementor-video{-o-object-fit:cover;object-fit:cover}<\/style>\t\t<div class=\"elementor-wrapper elementor-fit-aspect-ratio elementor-open-inline\">\n\t\t\t<div class=\"elementor-video\"><\/div>\t\t<\/div>\n\t\t\t\t<\/div>\n\t\t\t\t<\/div>\n\t\t\t\t\t<\/div>\n\t\t<\/div>\n\t\t\t\t\t\t\t<\/div>\n\t\t<\/section>\n\t\t\t\t\t\t\t<\/div>\n\t\t","protected":false},"excerpt":{"rendered":"<p>En juin 2024, la team SNSITIV a termin\u00e9 le d\u00e9veloppement de sa nouvelle installation interactive SNSoNIK 2.0. Une nouvelle collaboration avec PATRICE \u00ab\u00a0Pit\u00a0\u00bb HUBERT, cette deuxi\u00e8me oeuvre a \u00e9t\u00e9 d\u00e9velopp\u00e9e dans le but de cr\u00e9er une exp\u00e9rience immersive unique. Le visiteur est invit\u00e9 \u00e0 venir jouer avec la structure en ...<\/p>\n","protected":false},"author":2,"featured_media":1066,"comment_status":"closed","ping_status":"open","sticky":false,"template":"","format":"standard","meta":{"footnotes":""},"categories":[42],"tags":[],"class_list":["post-1061","post","type-post","status-publish","format-standard","has-post-thumbnail","hentry","category-festival"],"yoast_head":"<!-- This site is optimized with the Yoast SEO plugin v18.9 - https:\/\/yoast.com\/wordpress\/plugins\/seo\/ -->\n<title>SNSoNIK 2.0 au FUSION FESTIVAL [DE] 2024 - SNSiTiV<\/title>\n<meta name=\"robots\" content=\"index, follow, max-snippet:-1, max-image-preview:large, max-video-preview:-1\" \/>\n<link rel=\"canonical\" href=\"http:\/\/www.snsitiv.com\/index.php\/2024\/07\/04\/snsonik-2-0-au-fusion-festival-de\/\" \/>\n<meta property=\"og:locale\" content=\"fr_FR\" \/>\n<meta property=\"og:type\" content=\"article\" \/>\n<meta property=\"og:title\" content=\"SNSoNIK 2.0 au FUSION FESTIVAL [DE] 2024 - SNSiTiV\" \/>\n<meta property=\"og:description\" content=\"En juin 2024, la team SNSITIV a termin\u00e9 le d\u00e9veloppement de sa nouvelle installation interactive SNSoNIK 2.0. Une nouvelle collaboration avec PATRICE \u00ab\u00a0Pit\u00a0\u00bb HUBERT, cette deuxi\u00e8me oeuvre a \u00e9t\u00e9 d\u00e9velopp\u00e9e dans le but de cr\u00e9er une exp\u00e9rience immersive unique. Le visiteur est invit\u00e9 \u00e0 venir jouer avec la structure en [...]\" \/>\n<meta property=\"og:url\" content=\"http:\/\/www.snsitiv.com\/index.php\/2024\/07\/04\/snsonik-2-0-au-fusion-festival-de\/\" \/>\n<meta property=\"og:site_name\" content=\"SNSiTiV\" \/>\n<meta property=\"article:publisher\" content=\"https:\/\/www.facebook.com\/snsitiv\" \/>\n<meta property=\"article:published_time\" content=\"2024-07-04T15:26:16+00:00\" \/>\n<meta property=\"article:modified_time\" content=\"2025-05-03T12:02:19+00:00\" \/>\n<meta property=\"og:image\" content=\"http:\/\/www.snsitiv.com\/wp-content\/uploads\/2024\/07\/Snsonik-v2-Teaser.jpg\" \/>\n\t<meta property=\"og:image:width\" content=\"1920\" \/>\n\t<meta property=\"og:image:height\" content=\"1080\" \/>\n\t<meta property=\"og:image:type\" content=\"image\/jpeg\" \/>\n<meta name=\"twitter:card\" content=\"summary_large_image\" \/>\n<meta name=\"twitter:label1\" content=\"\u00c9crit par\" \/>\n\t<meta name=\"twitter:data1\" content=\"Guillaume SENE\" \/>\n\t<meta name=\"twitter:label2\" content=\"Dur\u00e9e de lecture estim\u00e9e\" \/>\n\t<meta name=\"twitter:data2\" content=\"1 minute\" \/>\n<script type=\"application\/ld+json\" class=\"yoast-schema-graph\">{\"@context\":\"https:\/\/schema.org\",\"@graph\":[{\"@type\":\"Organization\",\"@id\":\"http:\/\/www.snsitiv.com\/#organization\",\"name\":\"SNSiTiV\",\"url\":\"http:\/\/www.snsitiv.com\/\",\"sameAs\":[\"https:\/\/www.facebook.com\/snsitiv\"],\"logo\":{\"@type\":\"ImageObject\",\"inLanguage\":\"fr-FR\",\"@id\":\"http:\/\/www.snsitiv.com\/#\/schema\/logo\/image\/\",\"url\":\"http:\/\/www.snsitiv.com\/wp-content\/uploads\/2022\/05\/cropped-Logo2.png\",\"contentUrl\":\"http:\/\/www.snsitiv.com\/wp-content\/uploads\/2022\/05\/cropped-Logo2.png\",\"width\":512,\"height\":512,\"caption\":\"SNSiTiV\"},\"image\":{\"@id\":\"http:\/\/www.snsitiv.com\/#\/schema\/logo\/image\/\"}},{\"@type\":\"WebSite\",\"@id\":\"http:\/\/www.snsitiv.com\/#website\",\"url\":\"http:\/\/www.snsitiv.com\/\",\"name\":\"SNSiTiV\",\"description\":\"Installations interactives\",\"publisher\":{\"@id\":\"http:\/\/www.snsitiv.com\/#organization\"},\"potentialAction\":[{\"@type\":\"SearchAction\",\"target\":{\"@type\":\"EntryPoint\",\"urlTemplate\":\"http:\/\/www.snsitiv.com\/?s={search_term_string}\"},\"query-input\":\"required name=search_term_string\"}],\"inLanguage\":\"fr-FR\"},{\"@type\":\"ImageObject\",\"inLanguage\":\"fr-FR\",\"@id\":\"http:\/\/www.snsitiv.com\/index.php\/2024\/07\/04\/snsonik-2-0-au-fusion-festival-de\/#primaryimage\",\"url\":\"https:\/\/www.snsitiv.com\/wp-content\/uploads\/2024\/07\/Snsonik-v2-Teaser.jpg\",\"contentUrl\":\"https:\/\/www.snsitiv.com\/wp-content\/uploads\/2024\/07\/Snsonik-v2-Teaser.jpg\",\"width\":1920,\"height\":1080},{\"@type\":\"WebPage\",\"@id\":\"http:\/\/www.snsitiv.com\/index.php\/2024\/07\/04\/snsonik-2-0-au-fusion-festival-de\/#webpage\",\"url\":\"http:\/\/www.snsitiv.com\/index.php\/2024\/07\/04\/snsonik-2-0-au-fusion-festival-de\/\",\"name\":\"SNSoNIK 2.0 au FUSION FESTIVAL [DE] 2024 - SNSiTiV\",\"isPartOf\":{\"@id\":\"http:\/\/www.snsitiv.com\/#website\"},\"primaryImageOfPage\":{\"@id\":\"http:\/\/www.snsitiv.com\/index.php\/2024\/07\/04\/snsonik-2-0-au-fusion-festival-de\/#primaryimage\"},\"datePublished\":\"2024-07-04T15:26:16+00:00\",\"dateModified\":\"2025-05-03T12:02:19+00:00\",\"breadcrumb\":{\"@id\":\"http:\/\/www.snsitiv.com\/index.php\/2024\/07\/04\/snsonik-2-0-au-fusion-festival-de\/#breadcrumb\"},\"inLanguage\":\"fr-FR\",\"potentialAction\":[{\"@type\":\"ReadAction\",\"target\":[\"http:\/\/www.snsitiv.com\/index.php\/2024\/07\/04\/snsonik-2-0-au-fusion-festival-de\/\"]}]},{\"@type\":\"BreadcrumbList\",\"@id\":\"http:\/\/www.snsitiv.com\/index.php\/2024\/07\/04\/snsonik-2-0-au-fusion-festival-de\/#breadcrumb\",\"itemListElement\":[{\"@type\":\"ListItem\",\"position\":1,\"name\":\"Accueil\",\"item\":\"http:\/\/www.snsitiv.com\/\"},{\"@type\":\"ListItem\",\"position\":2,\"name\":\"SNSoNIK 2.0 au FUSION FESTIVAL [DE] 2024\"}]},{\"@type\":\"Article\",\"@id\":\"http:\/\/www.snsitiv.com\/index.php\/2024\/07\/04\/snsonik-2-0-au-fusion-festival-de\/#article\",\"isPartOf\":{\"@id\":\"http:\/\/www.snsitiv.com\/index.php\/2024\/07\/04\/snsonik-2-0-au-fusion-festival-de\/#webpage\"},\"author\":{\"@id\":\"http:\/\/www.snsitiv.com\/#\/schema\/person\/71c2d014e18c7730accf76f5fa863410\"},\"headline\":\"SNSoNIK 2.0 au FUSION FESTIVAL [DE] 2024\",\"datePublished\":\"2024-07-04T15:26:16+00:00\",\"dateModified\":\"2025-05-03T12:02:19+00:00\",\"mainEntityOfPage\":{\"@id\":\"http:\/\/www.snsitiv.com\/index.php\/2024\/07\/04\/snsonik-2-0-au-fusion-festival-de\/#webpage\"},\"wordCount\":205,\"publisher\":{\"@id\":\"http:\/\/www.snsitiv.com\/#organization\"},\"image\":{\"@id\":\"http:\/\/www.snsitiv.com\/index.php\/2024\/07\/04\/snsonik-2-0-au-fusion-festival-de\/#primaryimage\"},\"thumbnailUrl\":\"https:\/\/www.snsitiv.com\/wp-content\/uploads\/2024\/07\/Snsonik-v2-Teaser.jpg\",\"articleSection\":[\"Festival\"],\"inLanguage\":\"fr-FR\"},{\"@type\":\"Person\",\"@id\":\"http:\/\/www.snsitiv.com\/#\/schema\/person\/71c2d014e18c7730accf76f5fa863410\",\"name\":\"Guillaume SENE\",\"image\":{\"@type\":\"ImageObject\",\"inLanguage\":\"fr-FR\",\"@id\":\"http:\/\/www.snsitiv.com\/#\/schema\/person\/image\/\",\"url\":\"https:\/\/secure.gravatar.com\/avatar\/ee093fcbe0a3744354cba229f149279b9c30879429bd5080786d3ddf2d9fbd9c?s=96&d=mm&r=g\",\"contentUrl\":\"https:\/\/secure.gravatar.com\/avatar\/ee093fcbe0a3744354cba229f149279b9c30879429bd5080786d3ddf2d9fbd9c?s=96&d=mm&r=g\",\"caption\":\"Guillaume SENE\"},\"url\":\"https:\/\/www.snsitiv.com\/index.php\/author\/guillaume\/\"}]}<\/script>\n<!-- \/ Yoast SEO plugin. -->","yoast_head_json":{"title":"SNSoNIK 2.0 au FUSION FESTIVAL [DE] 2024 - SNSiTiV","robots":{"index":"index","follow":"follow","max-snippet":"max-snippet:-1","max-image-preview":"max-image-preview:large","max-video-preview":"max-video-preview:-1"},"canonical":"http:\/\/www.snsitiv.com\/index.php\/2024\/07\/04\/snsonik-2-0-au-fusion-festival-de\/","og_locale":"fr_FR","og_type":"article","og_title":"SNSoNIK 2.0 au FUSION FESTIVAL [DE] 2024 - SNSiTiV","og_description":"En juin 2024, la team SNSITIV a termin\u00e9 le d\u00e9veloppement de sa nouvelle installation interactive SNSoNIK 2.0. Une nouvelle collaboration avec PATRICE \u00ab\u00a0Pit\u00a0\u00bb HUBERT, cette deuxi\u00e8me oeuvre a \u00e9t\u00e9 d\u00e9velopp\u00e9e dans le but de cr\u00e9er une exp\u00e9rience immersive unique. Le visiteur est invit\u00e9 \u00e0 venir jouer avec la structure en [...]","og_url":"http:\/\/www.snsitiv.com\/index.php\/2024\/07\/04\/snsonik-2-0-au-fusion-festival-de\/","og_site_name":"SNSiTiV","article_publisher":"https:\/\/www.facebook.com\/snsitiv","article_published_time":"2024-07-04T15:26:16+00:00","article_modified_time":"2025-05-03T12:02:19+00:00","og_image":[{"width":1920,"height":1080,"url":"http:\/\/www.snsitiv.com\/wp-content\/uploads\/2024\/07\/Snsonik-v2-Teaser.jpg","type":"image\/jpeg"}],"twitter_card":"summary_large_image","twitter_misc":{"\u00c9crit par":"Guillaume SENE","Dur\u00e9e de lecture estim\u00e9e":"1 minute"},"schema":{"@context":"https:\/\/schema.org","@graph":[{"@type":"Organization","@id":"http:\/\/www.snsitiv.com\/#organization","name":"SNSiTiV","url":"http:\/\/www.snsitiv.com\/","sameAs":["https:\/\/www.facebook.com\/snsitiv"],"logo":{"@type":"ImageObject","inLanguage":"fr-FR","@id":"http:\/\/www.snsitiv.com\/#\/schema\/logo\/image\/","url":"http:\/\/www.snsitiv.com\/wp-content\/uploads\/2022\/05\/cropped-Logo2.png","contentUrl":"http:\/\/www.snsitiv.com\/wp-content\/uploads\/2022\/05\/cropped-Logo2.png","width":512,"height":512,"caption":"SNSiTiV"},"image":{"@id":"http:\/\/www.snsitiv.com\/#\/schema\/logo\/image\/"}},{"@type":"WebSite","@id":"http:\/\/www.snsitiv.com\/#website","url":"http:\/\/www.snsitiv.com\/","name":"SNSiTiV","description":"Installations interactives","publisher":{"@id":"http:\/\/www.snsitiv.com\/#organization"},"potentialAction":[{"@type":"SearchAction","target":{"@type":"EntryPoint","urlTemplate":"http:\/\/www.snsitiv.com\/?s={search_term_string}"},"query-input":"required name=search_term_string"}],"inLanguage":"fr-FR"},{"@type":"ImageObject","inLanguage":"fr-FR","@id":"http:\/\/www.snsitiv.com\/index.php\/2024\/07\/04\/snsonik-2-0-au-fusion-festival-de\/#primaryimage","url":"https:\/\/www.snsitiv.com\/wp-content\/uploads\/2024\/07\/Snsonik-v2-Teaser.jpg","contentUrl":"https:\/\/www.snsitiv.com\/wp-content\/uploads\/2024\/07\/Snsonik-v2-Teaser.jpg","width":1920,"height":1080},{"@type":"WebPage","@id":"http:\/\/www.snsitiv.com\/index.php\/2024\/07\/04\/snsonik-2-0-au-fusion-festival-de\/#webpage","url":"http:\/\/www.snsitiv.com\/index.php\/2024\/07\/04\/snsonik-2-0-au-fusion-festival-de\/","name":"SNSoNIK 2.0 au FUSION FESTIVAL [DE] 2024 - SNSiTiV","isPartOf":{"@id":"http:\/\/www.snsitiv.com\/#website"},"primaryImageOfPage":{"@id":"http:\/\/www.snsitiv.com\/index.php\/2024\/07\/04\/snsonik-2-0-au-fusion-festival-de\/#primaryimage"},"datePublished":"2024-07-04T15:26:16+00:00","dateModified":"2025-05-03T12:02:19+00:00","breadcrumb":{"@id":"http:\/\/www.snsitiv.com\/index.php\/2024\/07\/04\/snsonik-2-0-au-fusion-festival-de\/#breadcrumb"},"inLanguage":"fr-FR","potentialAction":[{"@type":"ReadAction","target":["http:\/\/www.snsitiv.com\/index.php\/2024\/07\/04\/snsonik-2-0-au-fusion-festival-de\/"]}]},{"@type":"BreadcrumbList","@id":"http:\/\/www.snsitiv.com\/index.php\/2024\/07\/04\/snsonik-2-0-au-fusion-festival-de\/#breadcrumb","itemListElement":[{"@type":"ListItem","position":1,"name":"Accueil","item":"http:\/\/www.snsitiv.com\/"},{"@type":"ListItem","position":2,"name":"SNSoNIK 2.0 au FUSION FESTIVAL [DE] 2024"}]},{"@type":"Article","@id":"http:\/\/www.snsitiv.com\/index.php\/2024\/07\/04\/snsonik-2-0-au-fusion-festival-de\/#article","isPartOf":{"@id":"http:\/\/www.snsitiv.com\/index.php\/2024\/07\/04\/snsonik-2-0-au-fusion-festival-de\/#webpage"},"author":{"@id":"http:\/\/www.snsitiv.com\/#\/schema\/person\/71c2d014e18c7730accf76f5fa863410"},"headline":"SNSoNIK 2.0 au FUSION FESTIVAL [DE] 2024","datePublished":"2024-07-04T15:26:16+00:00","dateModified":"2025-05-03T12:02:19+00:00","mainEntityOfPage":{"@id":"http:\/\/www.snsitiv.com\/index.php\/2024\/07\/04\/snsonik-2-0-au-fusion-festival-de\/#webpage"},"wordCount":205,"publisher":{"@id":"http:\/\/www.snsitiv.com\/#organization"},"image":{"@id":"http:\/\/www.snsitiv.com\/index.php\/2024\/07\/04\/snsonik-2-0-au-fusion-festival-de\/#primaryimage"},"thumbnailUrl":"https:\/\/www.snsitiv.com\/wp-content\/uploads\/2024\/07\/Snsonik-v2-Teaser.jpg","articleSection":["Festival"],"inLanguage":"fr-FR"},{"@type":"Person","@id":"http:\/\/www.snsitiv.com\/#\/schema\/person\/71c2d014e18c7730accf76f5fa863410","name":"Guillaume SENE","image":{"@type":"ImageObject","inLanguage":"fr-FR","@id":"http:\/\/www.snsitiv.com\/#\/schema\/person\/image\/","url":"https:\/\/secure.gravatar.com\/avatar\/ee093fcbe0a3744354cba229f149279b9c30879429bd5080786d3ddf2d9fbd9c?s=96&d=mm&r=g","contentUrl":"https:\/\/secure.gravatar.com\/avatar\/ee093fcbe0a3744354cba229f149279b9c30879429bd5080786d3ddf2d9fbd9c?s=96&d=mm&r=g","caption":"Guillaume SENE"},"url":"https:\/\/www.snsitiv.com\/index.php\/author\/guillaume\/"}]}},"_links":{"self":[{"href":"https:\/\/www.snsitiv.com\/index.php\/wp-json\/wp\/v2\/posts\/1061","targetHints":{"allow":["GET"]}}],"collection":[{"href":"https:\/\/www.snsitiv.com\/index.php\/wp-json\/wp\/v2\/posts"}],"about":[{"href":"https:\/\/www.snsitiv.com\/index.php\/wp-json\/wp\/v2\/types\/post"}],"author":[{"embeddable":true,"href":"https:\/\/www.snsitiv.com\/index.php\/wp-json\/wp\/v2\/users\/2"}],"replies":[{"embeddable":true,"href":"https:\/\/www.snsitiv.com\/index.php\/wp-json\/wp\/v2\/comments?post=1061"}],"version-history":[{"count":6,"href":"https:\/\/www.snsitiv.com\/index.php\/wp-json\/wp\/v2\/posts\/1061\/revisions"}],"predecessor-version":[{"id":1089,"href":"https:\/\/www.snsitiv.com\/index.php\/wp-json\/wp\/v2\/posts\/1061\/revisions\/1089"}],"wp:featuredmedia":[{"embeddable":true,"href":"https:\/\/www.snsitiv.com\/index.php\/wp-json\/wp\/v2\/media\/1066"}],"wp:attachment":[{"href":"https:\/\/www.snsitiv.com\/index.php\/wp-json\/wp\/v2\/media?parent=1061"}],"wp:term":[{"taxonomy":"category","embeddable":true,"href":"https:\/\/www.snsitiv.com\/index.php\/wp-json\/wp\/v2\/categories?post=1061"},{"taxonomy":"post_tag","embeddable":true,"href":"https:\/\/www.snsitiv.com\/index.php\/wp-json\/wp\/v2\/tags?post=1061"}],"curies":[{"name":"wp","href":"https:\/\/api.w.org\/{rel}","templated":true}]}}